{"id":2120,"date":"2022-05-19T17:05:32","date_gmt":"2022-05-19T15:05:32","guid":{"rendered":"https:\/\/clbsavocats.com\/fr\/2022\/05\/19\/que-faut-il-entendre-par-marques-sonores\/"},"modified":"2023-01-26T16:57:42","modified_gmt":"2023-01-26T15:57:42","slug":"que-faut-il-entendre-par-marques-sonores","status":"publish","type":"post","link":"https:\/\/clbsavocats.com\/en\/2022\/05\/19\/que-faut-il-entendre-par-marques-sonores\/","title":{"rendered":"Que faut-il entendre par marques sonores ?"},"content":{"rendered":"<p>Si depuis la loi du 28 d\u00e9cembre 1991 un son ou une s\u00e9quence de sons pouvaient faire l\u2019objet d\u2019un d\u00e9p\u00f4t de marque en France, cette protection \u00e9tait fortement compromise par l\u2019exigence de repr\u00e9sentation graphique de la marque impos\u00e9e par les textes et plus pr\u00e9cis\u00e9ment l\u2019article 711-1 du Code de la propri\u00e9t\u00e9 intellectuelle.<\/p>\n<p>Du fait de cette exigence, seuls les morceaux de musique susceptibles d\u2019\u00eatre retranscrits sur une partition ou pouvant faire l\u2019objet d\u2019un sonogramme parvenaient \u00e0 \u00eatre enregistr\u00e9s \u00e0 titre de marque en France.<\/p>\n<p>Depuis l\u2019adoption du \u201cPaquet-Marques\u201d le 15 d\u00e9cembre 2019, qui a transpos\u00e9 <a href=\"http:\/\/publications.europa.eu\/resource\/cellar\/e5cbd28f-a93c-11e5-b528-01aa75ed71a1.0009.01\/DOC_1\">&nbsp;la Directive europ\u00e9enne 2015\/2436<\/a>, l\u2019exigence de repr\u00e9sentation graphique des marques a disparu en France comme cela \u00e9tait d\u00e9j\u00e0 le cas depuis 2017 pour les marques de l\u2019Union europ\u00e9enne, le texte de la Directive indiquant qu<em>\u2019<\/em><em>il suffit que la marque soit repr\u00e9sent\u00e9e dans le registre<\/em><em> d\u2019une mani\u00e8re qui permet aux autorit\u00e9s comp\u00e9tentes et au public de d\u00e9terminer pr\u00e9cis\u00e9ment et clairement l\u2019objet b\u00e9n\u00e9ficiant de la protection conf\u00e9r\u00e9e \u00e0 son titulaire<\/em>.<\/p>\n<p>Le d\u00e9p\u00f4t aupr\u00e8s de l\u2019INPI d\u2019une marque sonore au moyen d\u2019un fichier MP3 est donc aujourd\u2019hui possible et quelques marques sonores ont ainsi \u00e9t\u00e9 d\u00e9pos\u00e9es en France depuis le 15 d\u00e9cembre 2019.<\/p>\n<p>Ainsi, la premi\u00e8re marque sonore constitu\u00e9e d\u2019un fichier audio MP3 d\u00e9pos\u00e9e aupr\u00e8s de l\u2019INPI date du 26 d\u00e9cembre 2019, ce fichier ayant \u00e9t\u00e9 int\u00e9gr\u00e9 dans la page web accessible via l\u2019URL qui figure sur la publication au BOPI (Bulletin Officiel de la Propri\u00e9t\u00e9 Intellectuelle). Dans sa publication, le rapport de l\u2019INPI pr\u00e9voit en tant que description de cette marque : qu\u2019il s\u2019agit d\u2019un \u00ab son qui \u00e9l\u00e8ve le taux vibratoire de toute mati\u00e8re et il est un harmoniser \u00e9nerg\u00e9tique \u00bb. \u00c0 l&#8217;\u00e9coute le son d\u00e9pos\u00e9 s\u2019apparente \u00e0 un \u00ab bruit du cosmos \u00bb ou encore \u00e0 un \u00ab train \u00e0 grande vitesse entrant en gare \u00bb.<\/p>\n<p>Cette marque ne semble toutefois pas encore enregistr\u00e9e par l\u2019INPI.<\/p>\n<p>En effet, une fois d\u00e9pos\u00e9es les marques sonores constitu\u00e9es de fichier MP3 n\u2019\u00e9chappent pas \u00e0 la v\u00e9rification de leur distinctivit\u00e9, c\u2019est-\u00e0-dire de leur capacit\u00e9 \u00e0 distinguer aux yeux des consommateurs les produits ou services couverts par la marque de ceux des autres op\u00e9rateurs \u00e9conomiques.<\/p>\n<p>Or, r\u00e9cemment le Tribunal de l\u2019Union europ\u00e9enne a rappel\u00e9 les conditions requises pour l\u2019enregistrement d\u2019une marque sonore et plus pr\u00e9cis\u00e9ment les crit\u00e8res de leur distinctivit\u00e9 dans une affaire Ardagh Metal Beverage Holdings GmbH &amp; Co. KG c\/ EUIPO (Office de l\u2019Union europ\u00e9enne pour la propri\u00e9t\u00e9 intellectuelle.<\/p>\n<p>Dans cette esp\u00e8ce, le requ\u00e9rant, une soci\u00e9t\u00e9 allemande sp\u00e9cialis\u00e9e dans la fabrication et la distribution de conditionnements de boisson avait d\u00e9pos\u00e9 \u00e0 titre de marque aupr\u00e8s de l\u2019EUIPO un son correspondant au bruit d\u2019ouverture d\u2019une canette, suivi d\u2019un silence d\u2019environ une seconde puis d\u2019un p\u00e9tillement d\u2019environ neuf secondes. L\u2019EUIPO a refus\u00e9 d\u2019enregistrer la marque consid\u00e9rant que le son dont elle \u00e9tait constitu\u00e9e n\u2019\u00e9tait pas distinctif.<\/p>\n<p>Pour appr\u00e9cier la distinctivit\u00e9 du signe en cause, l\u2019EUIPO avait notamment proc\u00e9d\u00e9 par analogie en reprenant les crit\u00e8res de distinctivit\u00e9 d\u00e9gag\u00e9s pour l\u2019appr\u00e9ciation des marques tridimensionnelles reproduisant l\u2019aspect ext\u00e9rieur d\u2019un produit ou de son emballage&nbsp;; l\u2019EUIPO a ainsi consid\u00e9r\u00e9 qu\u2019un son doit pour pr\u00e9senter le caract\u00e8re distinctif requis \u00ab<em>&nbsp;diverger de mani\u00e8re significative de la norme ou des habitudes du secteur afin de remplir sa fonction d\u2019identification de l\u2019origine commerciale des produits en cause<\/em>&nbsp;\u00bb.<\/p>\n<p>La soci\u00e9t\u00e9 d\u00e9posante a form\u00e9 un recours contre cette d\u00e9cision qui a \u00e9t\u00e9 confirm\u00e9e par le Tribunal de l\u2019Union europ\u00e9enne dans un arr\u00eat du 7 juillet 2021.<\/p>\n<p>Dans sa d\u00e9cision le Tribunal a tout d\u2019abord rappel\u00e9 que \u00ab&nbsp;<em>les crit\u00e8res d\u2019appr\u00e9ciation du caract\u00e8re distinctif des marques sonores ne diff\u00e8rent pas de ceux applicables aux autres cat\u00e9gories de marques<\/em>\u00bb.<\/p>\n<p>Le Tribunal a ensuite indiqu\u00e9 s\u2019agissant d\u2019un signe sonore qu\u2019il doit poss\u00e9der \u00ab&nbsp;<em>une certaine pr\u00e9gnance permettant au consommateur vis\u00e9 de les percevoir en tant que marques et non pas comme un \u00e9l\u00e9ment de nature fonctionnelle ou un indicateur sans caract\u00e9ristique intrins\u00e8que propre<\/em>&nbsp;\u00bb usant ainsi d\u2019un vocabulaire distinct de celui retenu pour l\u2019appr\u00e9ciation de la distinctivit\u00e9 des marques tridimensionnelles.<\/p>\n<p>Dans le cas d\u2019esp\u00e8ce, le Tribunal a consid\u00e9r\u00e9 que le son en cause ne se distinguait pas suffisamment de celui g\u00e9n\u00e9ralement \u00e9mis \u00e0 l\u2019ouverture d\u2019une boisson gazeuse et qu\u2019en cons\u00e9quence il ne pr\u00e9sentait pas un caract\u00e8re suffisamment identifiable pour pouvoir \u00eatre enregistr\u00e9 en tant que marque.<\/p>\n<p>Selon les juges, la s\u00e9quence de sons produite par l\u2019ouverture d\u2019une canette est simplement dict\u00e9e par l\u2019aspect technique et fonctionnel du produit&nbsp;soit un son intrins\u00e8que <em>\u00e0 une solution technique li\u00e9e \u00e0 la manipulation de boissons afin de les consommer, ce qui am\u00e8nera <\/em>le public \u00e0 l\u2019associer imm\u00e9diatement \u00e0 des boissons sans distinction de leur origine.<\/p>\n<p>L\u2019analyse de cet arr\u00eat r\u00e9v\u00e8le que, comme pour les marques tridimensionnelles constitu\u00e9es de la forme d&#8217;un produit ou de son conditionnement, les marques sonores ne sont pas ais\u00e9es \u00e0 enregistrer comme marque<strong>s<\/strong> du fait de leur nature m\u00eame.<\/p>\n<p>\u00c0 titre d\u2019exemples, ont \u00e9galement \u00e9t\u00e9 refus\u00e9s en tant que marque le son produit par un briquet \u00e0 son ouverture et encore le bruit d\u2019un scooter \u00e9lectrique au d\u00e9marrage.<\/p>\n<p>En revanche la marque constitu\u00e9e de la succession des sons produits par un bouchon lors de l\u2019ouverture d\u2019une bouteille de vin gazeux, un silence et un tintement de verres a \u00e9t\u00e9 enregistr\u00e9e en 2019 par l&#8217;EUIPO.<\/p>\n","protected":false},"excerpt":{"rendered":"<p>L\u2019exigence de repr\u00e9sentation graphique des marques a disparu en France comme cela \u00e9tait d\u00e9j\u00e0 le cas depuis 2017 pour les marques de l\u2019Union europ\u00e9enne.<\/p>\n","protected":false},"author":6,"featured_media":203,"comment_status":"closed","ping_status":"closed","sticky":false,"template":"","format":"standard","meta":[],"categories":[4],"tags":[],"yoast_head":"<!-- This site is optimized with the Yoast SEO plugin v16.1.1 - https:\/\/yoast.com\/wordpress\/plugins\/seo\/ -->\n<title>Que faut-il entendre par marques sonores ? - Claire BERTHEUX SCOTTE<\/title>\n<meta name=\"description\" content=\"L\u2019exigence de repr\u00e9sentation graphique des marques a disparu en France comme cela \u00e9tait d\u00e9j\u00e0 le cas depuis 2017 pour les marques de l\u2019Union europ\u00e9enne\" \/>\n<link rel=\"canonical\" href=\"https:\/\/clbsavocats.com\/en\/2022\/05\/19\/que-faut-il-entendre-par-marques-sonores\/\" \/>\n<meta property=\"og:locale\" content=\"en_GB\" \/>\n<meta property=\"og:type\" content=\"article\" \/>\n<meta property=\"og:title\" content=\"Que faut-il entendre par marques sonores ? - Claire BERTHEUX SCOTTE\" \/>\n<meta property=\"og:description\" content=\"L\u2019exigence de repr\u00e9sentation graphique des marques a disparu en France comme cela \u00e9tait d\u00e9j\u00e0 le cas depuis 2017 pour les marques de l\u2019Union europ\u00e9enne\" \/>\n<meta property=\"og:url\" content=\"https:\/\/clbsavocats.com\/en\/2022\/05\/19\/que-faut-il-entendre-par-marques-sonores\/\" \/>\n<meta property=\"og:site_name\" content=\"Claire BERTHEUX SCOTTE\" \/>\n<meta property=\"article:published_time\" content=\"2022-05-19T15:05:32+00:00\" \/>\n<meta property=\"article:modified_time\" content=\"2023-01-26T15:57:42+00:00\" \/>\n<meta property=\"og:image\" content=\"https:\/\/clbsavocats.com\/wp-content\/uploads\/sites\/21\/2021\/01\/DC9DC28C-EC08-42AD-901A-C4849BF8CC70.jpeg\" \/>\n\t<meta property=\"og:image:width\" content=\"1280\" \/>\n\t<meta property=\"og:image:height\" content=\"960\" \/>\n<meta name=\"twitter:card\" content=\"summary_large_image\" \/>\n<meta name=\"twitter:label1\" content=\"Estimated reading time\">\n\t<meta name=\"twitter:data1\" content=\"4 minutes\">\n<script type=\"application\/ld+json\" class=\"yoast-schema-graph\">{\"@context\":\"https:\/\/schema.org\",\"@graph\":[{\"@type\":\"WebSite\",\"@id\":\"https:\/\/clbsavocats.com\/fr\/#website\",\"url\":\"https:\/\/clbsavocats.com\/fr\/\",\"name\":\"Claire BERTHEUX SCOTTE\",\"description\":\"Lawyer specialized in intellectual property law\",\"potentialAction\":[{\"@type\":\"SearchAction\",\"target\":\"https:\/\/clbsavocats.com\/fr\/?s={search_term_string}\",\"query-input\":\"required name=search_term_string\"}],\"inLanguage\":\"en-GB\"},{\"@type\":\"ImageObject\",\"@id\":\"https:\/\/clbsavocats.com\/2022\/05\/19\/que-faut-il-entendre-par-marques-sonores\/#primaryimage\",\"inLanguage\":\"en-GB\",\"url\":\"https:\/\/clbsavocats.com\/wp-content\/uploads\/sites\/21\/2021\/01\/DC9DC28C-EC08-42AD-901A-C4849BF8CC70.jpeg\",\"contentUrl\":\"https:\/\/clbsavocats.com\/wp-content\/uploads\/sites\/21\/2021\/01\/DC9DC28C-EC08-42AD-901A-C4849BF8CC70.jpeg\",\"width\":1280,\"height\":960},{\"@type\":\"WebPage\",\"@id\":\"https:\/\/clbsavocats.com\/2022\/05\/19\/que-faut-il-entendre-par-marques-sonores\/#webpage\",\"url\":\"https:\/\/clbsavocats.com\/2022\/05\/19\/que-faut-il-entendre-par-marques-sonores\/\",\"name\":\"Que faut-il entendre par marques sonores ? - Claire BERTHEUX SCOTTE\",\"isPartOf\":{\"@id\":\"https:\/\/clbsavocats.com\/fr\/#website\"},\"primaryImageOfPage\":{\"@id\":\"https:\/\/clbsavocats.com\/2022\/05\/19\/que-faut-il-entendre-par-marques-sonores\/#primaryimage\"},\"datePublished\":\"2022-05-19T15:05:32+00:00\",\"dateModified\":\"2023-01-26T15:57:42+00:00\",\"author\":{\"@id\":\"https:\/\/clbsavocats.com\/fr\/#\/schema\/person\/582d215e55729fc5098930a9efecfb68\"},\"description\":\"L\\u2019exigence de repr\\u00e9sentation graphique des marques a disparu en France comme cela \\u00e9tait d\\u00e9j\\u00e0 le cas depuis 2017 pour les marques de l\\u2019Union europ\\u00e9enne\",\"breadcrumb\":{\"@id\":\"https:\/\/clbsavocats.com\/2022\/05\/19\/que-faut-il-entendre-par-marques-sonores\/#breadcrumb\"},\"inLanguage\":\"en-GB\",\"potentialAction\":[{\"@type\":\"ReadAction\",\"target\":[\"https:\/\/clbsavocats.com\/2022\/05\/19\/que-faut-il-entendre-par-marques-sonores\/\"]}]},{\"@type\":\"BreadcrumbList\",\"@id\":\"https:\/\/clbsavocats.com\/2022\/05\/19\/que-faut-il-entendre-par-marques-sonores\/#breadcrumb\",\"itemListElement\":[{\"@type\":\"ListItem\",\"position\":1,\"item\":{\"@type\":\"WebPage\",\"@id\":\"https:\/\/clbsavocats.com\/claire-bertheux-scotte-avocate-droit-propriete-intellectuelle-marques-paris\/\",\"url\":\"https:\/\/clbsavocats.com\/claire-bertheux-scotte-avocate-droit-propriete-intellectuelle-marques-paris\/\",\"name\":\"Accueil\"}},{\"@type\":\"ListItem\",\"position\":2,\"item\":{\"@type\":\"WebPage\",\"@id\":\"https:\/\/clbsavocats.com\/2022\/05\/19\/que-faut-il-entendre-par-marques-sonores\/\",\"url\":\"https:\/\/clbsavocats.com\/2022\/05\/19\/que-faut-il-entendre-par-marques-sonores\/\",\"name\":\"Que faut-il entendre par marques sonores ?\"}}]},{\"@type\":\"Person\",\"@id\":\"https:\/\/clbsavocats.com\/fr\/#\/schema\/person\/582d215e55729fc5098930a9efecfb68\",\"name\":\"Claire BERTHEUX SCOTTE\",\"image\":{\"@type\":\"ImageObject\",\"@id\":\"https:\/\/clbsavocats.com\/fr\/#personlogo\",\"inLanguage\":\"en-GB\",\"url\":\"https:\/\/clbsavocats.com\/wp-content\/uploads\/sites\/21\/avatars\/6\/601d69fe6c9f3-bpfull.jpg\",\"contentUrl\":\"https:\/\/clbsavocats.com\/wp-content\/uploads\/sites\/21\/avatars\/6\/601d69fe6c9f3-bpfull.jpg\",\"caption\":\"Claire BERTHEUX SCOTTE\"}}]}<\/script>\n<!-- \/ Yoast SEO plugin. -->","_links":{"self":[{"href":"https:\/\/clbsavocats.com\/en\/wp-json\/wp\/v2\/posts\/2120"}],"collection":[{"href":"https:\/\/clbsavocats.com\/en\/wp-json\/wp\/v2\/posts"}],"about":[{"href":"https:\/\/clbsavocats.com\/en\/wp-json\/wp\/v2\/types\/post"}],"author":[{"embeddable":true,"href":"https:\/\/clbsavocats.com\/en\/wp-json\/wp\/v2\/users\/6"}],"replies":[{"embeddable":true,"href":"https:\/\/clbsavocats.com\/en\/wp-json\/wp\/v2\/comments?post=2120"}],"version-history":[{"count":5,"href":"https:\/\/clbsavocats.com\/en\/wp-json\/wp\/v2\/posts\/2120\/revisions"}],"predecessor-version":[{"id":2374,"href":"https:\/\/clbsavocats.com\/en\/wp-json\/wp\/v2\/posts\/2120\/revisions\/2374"}],"wp:featuredmedia":[{"embeddable":true,"href":"https:\/\/clbsavocats.com\/en\/wp-json\/wp\/v2\/media\/203"}],"wp:attachment":[{"href":"https:\/\/clbsavocats.com\/en\/wp-json\/wp\/v2\/media?parent=2120"}],"wp:term":[{"taxonomy":"category","embeddable":true,"href":"https:\/\/clbsavocats.com\/en\/wp-json\/wp\/v2\/categories?post=2120"},{"taxonomy":"post_tag","embeddable":true,"href":"https:\/\/clbsavocats.com\/en\/wp-json\/wp\/v2\/tags?post=2120"}],"curies":[{"name":"wp","href":"https:\/\/api.w.org\/{rel}","templated":true}]}}